{"id":303,"date":"2012-08-27T11:10:16","date_gmt":"2012-08-27T08:10:16","guid":{"rendered":"http:\/\/hartaromaniei.eu\/obiectiveturistice\/?p=303"},"modified":"2013-04-10T08:27:49","modified_gmt":"2013-04-10T05:27:49","slug":"valea-sebesului","status":"publish","type":"post","link":"https:\/\/pe-harta.ro\/obiectiveturistice\/valea-sebesului","title":{"rendered":"Valea Sebe\u015fului &#8211; Alba"},"content":{"rendered":"<p><strong><a href=\"https:\/\/pe-harta.ro\/obiectiveturistice\/wp-content\/uploads\/2012\/08\/Valea-SebesuluiManastirea-Oasa.jpg\"><img loading=\"lazy\" decoding=\"async\" class=\"alignleft size-medium wp-image-304\" style=\"margin: 3px 5px;\" title=\"Valea Sebesului,Manastirea-Oasa\" src=\"https:\/\/pe-harta.ro\/obiectiveturistice\/wp-content\/uploads\/2012\/08\/Valea-SebesuluiManastirea-Oasa-300x199.jpg\" alt=\"\" width=\"300\" height=\"199\" srcset=\"https:\/\/pe-harta.ro\/obiectiveturistice\/wp-content\/uploads\/2012\/08\/Valea-SebesuluiManastirea-Oasa-300x199.jpg 300w, https:\/\/pe-harta.ro\/obiectiveturistice\/wp-content\/uploads\/2012\/08\/Valea-SebesuluiManastirea-Oasa-262x175.jpg 262w, https:\/\/pe-harta.ro\/obiectiveturistice\/wp-content\/uploads\/2012\/08\/Valea-SebesuluiManastirea-Oasa.jpg 580w\" sizes=\"auto, (max-width: 300px) 100vw, 300px\" \/><\/a>Valea Sebe\u015fului<\/strong>, cunoscut\u0103 in zona superioar\u0103 \u015fi sub numele de <strong>Valea Frumoasei<\/strong>, este situat\u0103 \u00een sudul <a title=\"Transilvania\" href=\"https:\/\/pe-harta.ro\/obiectiveturistice\/cat\/transilvania\"><strong>Transilvaniei<\/strong><\/a>, \u00een partea central\u0103 a Carpa\u0163ilor Meridionali, <strong><a title=\"Sebes\" href=\"https:\/\/sebes-ab.pe-harta.ro\">Sebes<\/a>, <a title=\"Judetul Alba\" href=\"https:\/\/pe-harta.ro\/alba\/\">Judetul Alba<\/a><\/strong>.<br \/>\nR\u00e2ul Sebe\u015f formeaz\u0103 una dintre cele mai s\u0103lbatice v\u0103i carpatine din <a title=\"Romania\" href=\"https:\/\/pe-harta.ro\"><strong>Rom\u00e2nia<\/strong><\/a>, impresion\u00e2nd prin diversitate \u015fi originalitate. Relieful, re\u0163eaua hidrografica bogat\u0103 a zonei, abunden\u0163a \u015fi varietatea florei \u015fi faunei, monumentele sale naturale, fac din <strong>Valea Sebe\u015fului<\/strong> un loc potrivit pentru toate categoriile de turi\u015fti \u00een toate anotimpurile.<\/p>\n<p>Sub forma unui mic p\u00e2r\u00e2u de munte, Frumoasa izvor\u0103\u015fte de sub culmea Cindrel- Frumoasa, iar pe un parcurs de cca 22 km, p\u00e2n\u0103 la confluen\u0163a cu S\u0103lanele, unde s-a construit lacul de acumulare de la Oa\u015fa, poart\u0103 numele de Frumoasa.<\/p>\n<table border=\"0\">\n<tbody>\n<tr>\n<td>&nbsp;<\/p>\n<p>\u00cen aval de acest baraj \u015fi p\u00e2n\u0103 la v\u0103rsare \u00een Mure\u015f, r\u00e2ul i\u015fi schimba numele in Sebe\u015f (denumirea vine cel mai probabil din limba maghiara \u201eR\u00e2ul Repede\u201d ).<\/p>\n<p>R\u00e2ul Sebe\u015f parcurge \u00een total o distan\u0163a de circa 93 km cu o diferen\u0163\u0103 de nivel de 2000 m, \u015fi are o suprafa\u0163\u0103 a bazinului hidrografic de 1289 kmp. P\u00e2n\u0103 la v\u0103rsarea \u00een r\u00e2ul Mure\u015f, Sebe\u015ful traverseaza trei forme de relief diferite (mun\u0163i, dealuri piemontane \u015fi culoare depresionare cu terase).<\/p>\n<p>Drumul de pe\u00a0<strong>Valea Sebe\u015fului<\/strong>\u00a0(acum DN67C) a fost din cele mai vechi timpuri calea de leg\u0103tur\u0103 \u00eentre rom\u00e2nii a\u015feza\u0163i pe cei doi versan\u0163i ai Carpa\u0163ilor, fiind cea mai \u00eenalt\u0103 \u015fosea transcarpatic\u0103 \u00een Pasul Urdele (la 2.145 m). Drumul face leg\u0103tura \u00eentre\u00a0<strong>Sebe<\/strong>\u015f si ora\u015ful\u00a0<a title=\"Novaci\" href=\"https:\/\/novaci-gj.pe-harta.ro\">Novaci<\/a>\u00a0din\u00a0<a title=\"Judetul Gorj\" href=\"https:\/\/pe-harta.ro\/gorj\/\"><strong>jude\u0163ul Gorj<\/strong><\/a>.<\/td>\n<td><script async src=\"\/\/pagead2.googlesyndication.com\/pagead\/js\/adsbygoogle.js\"><\/script>\n\t<ins class=\"adsbygoogle\"\n\t\tstyle=\"display:inline-block;width:300px;height:250px\"\n\t\tdata-ad-client=\"ca-pub-2688604244699399\"\n\t\tdata-ad-slot=\"1470897263\"><\/ins>\n\t<script>\n\t(adsbygoogle = window.adsbygoogle || []).push({});\n\t<\/script><\/td>\n<\/tr>\n<\/tbody>\n<\/table>\n<p><span style=\"font-size: 13px; line-height: 19px;\">[MultipleMarkerMap\u00a0id=ValeaSebe\u015fului&#8217;\u00a0z=&#8217;14&#8217;\u00a0lat=&#8217;45.549722&#8242;\u00a0lon=&#8217;23.727222&#8242;\u00a0marker=&#8217;45.549722,23.727222,<\/span><strong style=\"font-size: 13px; line-height: 19px;\">Valea Sebe\u015fului<\/strong><span style=\"font-size: 13px; line-height: 19px;\">,https:\/\/pe-harta.ro\/images\/icons\/star-3.png&#8217;\u00a0w=&#8217;630&#8242; h=&#8217;400&#8242;]<\/span><\/p>\n\n<div class='gallery'><dl class='gallery-item'>\n\t\t\t<dt class='gallery-icon landscape'>\n\t\t\t\t<a href='https:\/\/pe-harta.ro\/obiectiveturistice\/wp-content\/uploads\/2012\/08\/Valea-SebesuluiManastirea-Oasa.jpg'><img loading=\"lazy\" decoding=\"async\" width=\"150\" height=\"150\" src=\"https:\/\/pe-harta.ro\/obiectiveturistice\/wp-content\/uploads\/2012\/08\/Valea-SebesuluiManastirea-Oasa-150x150.jpg\" class=\"attachment-thumbnail size-thumbnail\" alt=\"\" \/><\/a>\n\t\t\t<\/dt><\/dl><dl class='gallery-item'>\n\t\t\t<dt class='gallery-icon landscape'>\n\t\t\t\t<a href='https:\/\/pe-harta.ro\/obiectiveturistice\/wp-content\/uploads\/2012\/08\/Valea-Sebesului-.jpg'><img loading=\"lazy\" decoding=\"async\" width=\"150\" height=\"150\" src=\"https:\/\/pe-harta.ro\/obiectiveturistice\/wp-content\/uploads\/2012\/08\/Valea-Sebesului--150x150.jpg\" class=\"attachment-thumbnail size-thumbnail\" alt=\"\" \/><\/a>\n\t\t\t<\/dt><\/dl><dl class='gallery-item'>\n\t\t\t<dt class='gallery-icon portrait'>\n\t\t\t\t<a href='https:\/\/pe-harta.ro\/obiectiveturistice\/wp-content\/uploads\/2012\/08\/Valea-Sebesului.jpg'><img loading=\"lazy\" decoding=\"async\" width=\"150\" height=\"150\" src=\"https:\/\/pe-harta.ro\/obiectiveturistice\/wp-content\/uploads\/2012\/08\/Valea-Sebesului-150x150.jpg\" class=\"attachment-thumbnail size-thumbnail\" alt=\"\" \/><\/a>\n\t\t\t<\/dt><\/dl><br style=\"clear: both\" \/><dl class='gallery-item'>\n\t\t\t<dt class='gallery-icon landscape'>\n\t\t\t\t<a href='https:\/\/pe-harta.ro\/obiectiveturistice\/wp-content\/uploads\/2012\/08\/Valea-Sebesului1.jpg'><img loading=\"lazy\" decoding=\"async\" width=\"150\" height=\"150\" src=\"https:\/\/pe-harta.ro\/obiectiveturistice\/wp-content\/uploads\/2012\/08\/Valea-Sebesului1-150x150.jpg\" class=\"attachment-thumbnail size-thumbnail\" alt=\"\" \/><\/a>\n\t\t\t<\/dt><\/dl>\n\t\t\t<br style='clear: both' \/>\n\t\t<\/div>\n\n","protected":false},"excerpt":{"rendered":"<p>Valea Sebe\u015fului, cunoscut\u0103 in zona superioar\u0103 \u015fi sub numele de Valea Frumoasei, este situat\u0103 \u00een sudul Transilvaniei, \u00een partea central\u0103 a Carpa\u0163ilor Meridionali, Sebes, Judetul Alba. R\u00e2ul Sebe\u015f formeaz\u0103 una dintre cele mai s\u0103lbatice v\u0103i carpatine din Rom\u00e2nia, impresion\u00e2nd prin diversitate \u015fi originalitate. Relieful, re\u0163eaua hidrografica bogat\u0103 a zonei, abunden\u0163a \u015fi varietatea florei \u015fi faunei, [&hellip;]<\/p>\n","protected":false},"author":2,"featured_media":304,"comment_status":"open","ping_status":"open","sticky":false,"template":"","format":"standard","meta":{"_acf_changed":false,"footnotes":""},"categories":[47,305,270,1172,17,3,174,1738],"tags":[181,180,183,149,184,182,178,28,176,175,179,177],"class_list":["post-303","post","type-post","status-publish","format-standard","has-post-thumbnail","hentry","category-lacuri","category-obiective-turistice-romania","category-paduri","category-rauri","category-transilvania","category-trasee","category-vai","category-varfuri-muntoase","tag-culmea-cindrel-frumoasa","tag-judetul-alba","tag-judetul-gorj","tag-mures","tag-novaci","tag-oasa","tag-sebes","tag-transilvania-2","tag-vai-2","tag-valea","tag-valea-frumoasei","tag-valea-sebesului"],"acf":[],"_links":{"self":[{"href":"https:\/\/pe-harta.ro\/obiectiveturistice\/wp-json\/wp\/v2\/posts\/303","targetHints":{"allow":["GET"]}}],"collection":[{"href":"https:\/\/pe-harta.ro\/obiectiveturistice\/wp-json\/wp\/v2\/posts"}],"about":[{"href":"https:\/\/pe-harta.ro\/obiectiveturistice\/wp-json\/wp\/v2\/types\/post"}],"author":[{"embeddable":true,"href":"https:\/\/pe-harta.ro\/obiectiveturistice\/wp-json\/wp\/v2\/users\/2"}],"replies":[{"embeddable":true,"href":"https:\/\/pe-harta.ro\/obiectiveturistice\/wp-json\/wp\/v2\/comments?post=303"}],"version-history":[{"count":0,"href":"https:\/\/pe-harta.ro\/obiectiveturistice\/wp-json\/wp\/v2\/posts\/303\/revisions"}],"wp:featuredmedia":[{"embeddable":true,"href":"https:\/\/pe-harta.ro\/obiectiveturistice\/wp-json\/wp\/v2\/media\/304"}],"wp:attachment":[{"href":"https:\/\/pe-harta.ro\/obiectiveturistice\/wp-json\/wp\/v2\/media?parent=303"}],"wp:term":[{"taxonomy":"category","embeddable":true,"href":"https:\/\/pe-harta.ro\/obiectiveturistice\/wp-json\/wp\/v2\/categories?post=303"},{"taxonomy":"post_tag","embeddable":true,"href":"https:\/\/pe-harta.ro\/obiectiveturistice\/wp-json\/wp\/v2\/tags?post=303"}],"curies":[{"name":"wp","href":"https:\/\/api.w.org\/{rel}","templated":true}]}}