{"id":2366,"date":"2012-11-05T14:26:41","date_gmt":"2012-11-05T12:26:41","guid":{"rendered":"http:\/\/hartaromaniei.eu\/obiectiveturistice\/?p=2366"},"modified":"2012-11-05T14:26:41","modified_gmt":"2012-11-05T12:26:41","slug":"muzeul-de-arta-ion-irimescu-falticeni","status":"publish","type":"post","link":"https:\/\/pe-harta.ro\/obiectiveturistice\/muzeul-de-arta-ion-irimescu-falticeni","title":{"rendered":"Muzeul de arta \u201eIon Irimescu\u201d &#8211; Falticeni"},"content":{"rendered":"<p><strong><a href=\"https:\/\/pe-harta.ro\/obiectiveturistice\/wp-content\/uploads\/2012\/11\/Muzeul-de-arta-\u201eIon-Irimescu\u201d-Falticeni-Clepsidra.jpg\"><img loading=\"lazy\" decoding=\"async\" class=\"alignleft size-medium wp-image-2367\" style=\"margin: 3px 5px;\" title=\"Muzeul de arta \u201eIon Irimescu\u201d - Falticeni - Clepsidra\" src=\"https:\/\/pe-harta.ro\/obiectiveturistice\/wp-content\/uploads\/2012\/11\/Muzeul-de-arta-\u201eIon-Irimescu\u201d-Falticeni-Clepsidra-225x300.jpg\" alt=\"\" width=\"225\" height=\"300\" srcset=\"https:\/\/pe-harta.ro\/obiectiveturistice\/wp-content\/uploads\/2012\/11\/Muzeul-de-arta-\u201eIon-Irimescu\u201d-Falticeni-Clepsidra-225x300.jpg 225w, https:\/\/pe-harta.ro\/obiectiveturistice\/wp-content\/uploads\/2012\/11\/Muzeul-de-arta-\u201eIon-Irimescu\u201d-Falticeni-Clepsidra-131x175.jpg 131w, https:\/\/pe-harta.ro\/obiectiveturistice\/wp-content\/uploads\/2012\/11\/Muzeul-de-arta-\u201eIon-Irimescu\u201d-Falticeni-Clepsidra.jpg 740w\" sizes=\"auto, (max-width: 225px) 100vw, 225px\" \/><\/a>Muzeul de arta \u201eIon Irimescu\u201d<\/strong> se afla in <strong><a title=\"municipiul Falticeni\" href=\"https:\/\/falticeni-sv.pe-harta.ro\">municipiul Falticeni<\/a>, <a title=\"judetul Suceava\" href=\"https:\/\/pe-harta.ro\/suceava\/\">judetul Suceava<\/a>, <a title=\"Bucovina\" href=\"https:\/\/pe-harta.ro\/obiectiveturistice\/?s=Bucovina\">Bucovina<\/a>, <a title=\"Romania\" href=\"https:\/\/pe-harta.ro\">Romania<\/a>.<\/strong><strong><\/strong><\/p>\n<p>Istoria cl\u0103dirii \u00eencepe \u00een perioada de maxim\u0103 \u00eenflorire a F\u0103lticeniului, respectiv \u00een anul 1846, an \u00een care vornicul Alecu For\u0103scu Botez \u00ee\u015fi construie\u015fte re\u015fedin\u0163a din <a title=\"Falticeni\" href=\"https:\/\/falticeni-sv.pe-harta.ro\">F\u0103lticeni<\/a>, pe o structur\u0103 solid\u0103 din c\u0103r\u0103mid\u0103 pe funda\u0163ii de piatr\u0103 \u015fi balast compactat. Ini\u0163ial casa era dezvoltat\u0103 doar pe parter dup\u0103 un plan tradi\u0163ional, cu \u015fase camere dispuse de o parte \u015fi de alta a unui hol central, prin intermediul c\u0103ruia se realiza \u015fi accesul. La acea dat\u0103 accesul se realiza din actuala strad\u0103 Mihai Eminescu.<\/p>\n<p>La sf\u00e2r\u015fitul secolului XIX, \u00een jurul anului 1890, casa sufer\u0103 din partea proprietarului modific\u0103ri radicale, primind \u00eenc\u0103 un nivel. \u00cen aceste condi\u0163ii accesul a fost reg\u00e2ndit, \u015fi mutat pe o fa\u0163ad\u0103 lateral\u0103, perpendicular\u0103 pe str. Mihai Eminescu. Noul acces este accentuat de un vestibul, nou ad\u0103ugat, deasupra c\u0103ruia se afl\u0103 balconul cu arce \u00een plin cintru ce descarc\u0103 pe coloane scurte de inspira\u0163ie neobizantin\u0103. Cu aceast\u0103 ocazie \u00eentreaga cas\u0103 este reg\u00e2ndit\u0103 \u00een spirit neorom\u00e2nesc.<\/p>\n<table border=\"0\">\n<tbody>\n<tr>\n<td>&nbsp;<\/p>\n<p>Tot atunci este realizat\u0103 scara monumental\u0103 din lemn de stejar amplasat\u0103 \u00een noul hol central.<\/p>\n<p>La scurt timp dup\u0103 aceast\u0103 interven\u0163ie major\u0103 casa prime\u015fte o alt\u0103 func\u0163iune, devenind <a title=\"Palatul Administrativ al Judetului Suceava\" href=\"https:\/\/pe-harta.ro\/suceava\/\">Palatul Administrativ al Jude\u0163ului Suceava<\/a> \u00een 1909. \u00cen 1923, cl\u0103direa devine sediul Prefecturii Jude\u0163ului Baia, iar \u00eentre 1950 \u015fi 1968, sediul <a title=\"Consiliul Popular Raional Falticeni\" href=\"https:\/\/falticeni-sv.pe-harta.ro\">Consiliului Popular Raional F\u0103lticeni<\/a>. Odat\u0103 cu desfiin\u0163area raioanelor, \u00een urma reorganiz\u0103rii teritoriale, cl\u0103direa devine sediul Casei Pionierilor, Radiofic\u0103rii \u015fi Casei de Cultur\u0103.<\/td>\n<td><script async src=\"\/\/pagead2.googlesyndication.com\/pagead\/js\/adsbygoogle.js\"><\/script>\n\t<ins class=\"adsbygoogle\"\n\t\tstyle=\"display:inline-block;width:300px;height:250px\"\n\t\tdata-ad-client=\"ca-pub-2688604244699399\"\n\t\tdata-ad-slot=\"1470897263\"><\/ins>\n\t<script>\n\t(adsbygoogle = window.adsbygoogle || []).push({});\n\t<\/script><\/td>\n<\/tr>\n<\/tbody>\n<\/table>\n<p>Din 1974, cl\u0103direa ad\u0103poste\u015fte cea mai mare colec\u0163ie de autor din \u0163ar\u0103, peste 300 sculpturi \u015fi 1000 de desene, care reflect\u0103 marile teme \u00een jurul c\u0103rora se \u0163ese universul sculpturii artistului: mitologia, maternitatea, muzica, omul ca model \u00een univers.<\/p>\n<p>\u00cen acelasi complex expozitional este gazduita \u201eGaleria de arta plastica\u201d, unde sunt expuse lucrari ale unor pictori nascuti \u00een orasul <a title=\"Falticeni\" href=\"https:\/\/falticeni-sv.pe-harta.ro\">Falticeni<\/a> sau \u00een \u00eemprejurimi :Stefan Soldanescu, Aurel Baiesu, Dimitrie Loghin, Mihai Camarut.<\/p>\n<p>Premerg\u0103tor inaugur\u0103rii muzeului, la 11 ianuarie 1974, cl\u0103direa beneficiaz\u0103 de repara\u0163ii capitale, f\u0103r\u0103 a se efectua \u015fi lucr\u0103ri de consolidare. \u00cen acest moment se renu\u0163n\u0103 la o parte din t\u00e2mpl\u0103ria interioar\u0103 pentru o fluidizare a circuitului muzeal, iar pe etaj golurile sunt amplificate. Solu\u0163iile alese \u00een privin\u0163a fa\u0163adelor nu au fost din cele mai fericite, tencuiala groas\u0103 din praf de piatr\u0103 precum \u015fi solu\u0163iile de bosaj fiind improprii stilului rom\u00e2nesc.<\/p>\n[MultipleMarkerMap\u00a0id=MuzeuldeartaIonIrimescu-Falticeni&#8217;\u00a0z=&#8217;15&#8217;\u00a0lat=&#8217;47.462656&#8242;\u00a0lon=&#8217;26.297022&#8242;\u00a0marker=&#8217;47.462656,26.297022,<strong>Muzeul de arta \u201eIon Irimescu\u201d &#8211; Falticeni<\/strong>,https:\/\/pe-harta.ro\/images\/icons\/star-3.png&#8217;\u00a0w=&#8217;630&#8242; h=&#8217;400&#8242;]\n\n<div class='gallery'><dl class='gallery-item'>\n\t\t\t<dt class='gallery-icon landscape'>\n\t\t\t\t<a href='https:\/\/pe-harta.ro\/obiectiveturistice\/wp-content\/uploads\/2012\/11\/Atelierul-sculptorului-Ion-Irimescu.jpg'><img loading=\"lazy\" decoding=\"async\" width=\"150\" height=\"150\" src=\"https:\/\/pe-harta.ro\/obiectiveturistice\/wp-content\/uploads\/2012\/11\/Atelierul-sculptorului-Ion-Irimescu-150x150.jpg\" class=\"attachment-thumbnail size-thumbnail\" alt=\"\" \/><\/a>\n\t\t\t<\/dt><\/dl><dl class='gallery-item'>\n\t\t\t<dt class='gallery-icon portrait'>\n\t\t\t\t<a href='https:\/\/pe-harta.ro\/obiectiveturistice\/wp-content\/uploads\/2012\/11\/Ion-Irimescu.jpg'><img loading=\"lazy\" decoding=\"async\" width=\"150\" height=\"150\" src=\"https:\/\/pe-harta.ro\/obiectiveturistice\/wp-content\/uploads\/2012\/11\/Ion-Irimescu-150x150.jpg\" class=\"attachment-thumbnail size-thumbnail\" alt=\"\" \/><\/a>\n\t\t\t<\/dt><\/dl><dl class='gallery-item'>\n\t\t\t<dt class='gallery-icon landscape'>\n\t\t\t\t<a href='https:\/\/pe-harta.ro\/obiectiveturistice\/wp-content\/uploads\/2012\/11\/Muzeul-de-arta-\u201eIon-Irimescu\u201d-Falticeni-2.jpg'><img loading=\"lazy\" decoding=\"async\" width=\"150\" height=\"150\" src=\"https:\/\/pe-harta.ro\/obiectiveturistice\/wp-content\/uploads\/2012\/11\/Muzeul-de-arta-\u201eIon-Irimescu\u201d-Falticeni-2-150x150.jpg\" class=\"attachment-thumbnail size-thumbnail\" alt=\"\" \/><\/a>\n\t\t\t<\/dt><\/dl><br style=\"clear: both\" \/><dl class='gallery-item'>\n\t\t\t<dt class='gallery-icon landscape'>\n\t\t\t\t<a href='https:\/\/pe-harta.ro\/obiectiveturistice\/wp-content\/uploads\/2012\/11\/Muzeul-de-arta-\u201eIon-Irimescu\u201d-Falticeni.jpg'><img loading=\"lazy\" decoding=\"async\" width=\"150\" height=\"150\" src=\"https:\/\/pe-harta.ro\/obiectiveturistice\/wp-content\/uploads\/2012\/11\/Muzeul-de-arta-\u201eIon-Irimescu\u201d-Falticeni-150x150.jpg\" class=\"attachment-thumbnail size-thumbnail\" alt=\"\" \/><\/a>\n\t\t\t<\/dt><\/dl><dl class='gallery-item'>\n\t\t\t<dt class='gallery-icon landscape'>\n\t\t\t\t<a href='https:\/\/pe-harta.ro\/obiectiveturistice\/wp-content\/uploads\/2012\/11\/Muzeul-de-arta-\u201eIon-Irimescu\u201d-Falticeni-1.jpg'><img loading=\"lazy\" decoding=\"async\" width=\"150\" height=\"150\" src=\"https:\/\/pe-harta.ro\/obiectiveturistice\/wp-content\/uploads\/2012\/11\/Muzeul-de-arta-\u201eIon-Irimescu\u201d-Falticeni-1-150x150.jpg\" class=\"attachment-thumbnail size-thumbnail\" alt=\"\" \/><\/a>\n\t\t\t<\/dt><\/dl><dl class='gallery-item'>\n\t\t\t<dt class='gallery-icon landscape'>\n\t\t\t\t<a href='https:\/\/pe-harta.ro\/obiectiveturistice\/wp-content\/uploads\/2012\/11\/Muzeul-de-arta-\u201eIon-Irimescu\u201d-Falticeni-.jpg'><img loading=\"lazy\" decoding=\"async\" width=\"150\" height=\"150\" src=\"https:\/\/pe-harta.ro\/obiectiveturistice\/wp-content\/uploads\/2012\/11\/Muzeul-de-arta-\u201eIon-Irimescu\u201d-Falticeni--150x150.jpg\" class=\"attachment-thumbnail size-thumbnail\" alt=\"\" \/><\/a>\n\t\t\t<\/dt><\/dl><br style=\"clear: both\" \/><dl class='gallery-item'>\n\t\t\t<dt class='gallery-icon portrait'>\n\t\t\t\t<a href='https:\/\/pe-harta.ro\/obiectiveturistice\/wp-content\/uploads\/2012\/11\/Muzeul-de-arta-\u201eIon-Irimescu\u201d-Falticeni-Clepsidra.jpg'><img loading=\"lazy\" decoding=\"async\" width=\"150\" height=\"150\" src=\"https:\/\/pe-harta.ro\/obiectiveturistice\/wp-content\/uploads\/2012\/11\/Muzeul-de-arta-\u201eIon-Irimescu\u201d-Falticeni-Clepsidra-150x150.jpg\" class=\"attachment-thumbnail size-thumbnail\" alt=\"\" \/><\/a>\n\t\t\t<\/dt><\/dl>\n\t\t\t<br style='clear: both' \/>\n\t\t<\/div>\n\n","protected":false},"excerpt":{"rendered":"<p>Muzeul de arta \u201eIon Irimescu\u201d se afla in municipiul Falticeni, judetul Suceava, Bucovina, Romania. Istoria cl\u0103dirii \u00eencepe \u00een perioada de maxim\u0103 \u00eenflorire a F\u0103lticeniului, respectiv \u00een anul 1846, an \u00een care vornicul Alecu For\u0103scu Botez \u00ee\u015fi construie\u015fte re\u015fedin\u0163a din F\u0103lticeni, pe o structur\u0103 solid\u0103 din c\u0103r\u0103mid\u0103 pe funda\u0163ii de piatr\u0103 \u015fi balast compactat. Ini\u0163ial casa [&hellip;]<\/p>\n","protected":false},"author":2,"featured_media":2367,"comment_status":"open","ping_status":"open","sticky":false,"template":"","format":"standard","meta":{"_acf_changed":false,"footnotes":""},"categories":[157,135,305],"tags":[2372,2379,63,2378,2377,2376,2380,2053,2381,2305,2371,2374,2375,29,2367,2373],"class_list":["post-2366","post","type-post","status-publish","format-standard","has-post-thumbnail","hentry","category-bucovina-romania","category-muzee","category-obiective-turistice-romania","tag-alecu-forascu-botez","tag-aurel-baiesu","tag-bucovina","tag-casa-de-cultura-falticeni","tag-casa-pionerilor","tag-consiliul-popular-raional-falticeni","tag-dimitrie-loghin","tag-judetul-suceava","tag-mihai-camarut","tag-municipiul-falticeni","tag-muzeu-de-arta-ion-irimescu","tag-palatul-administrativ-al-judetului-suceava","tag-prefectura-judetului-baia","tag-romania","tag-stefan-soldanescu","tag-strada-mihai-eminescu-falticeni"],"acf":[],"_links":{"self":[{"href":"https:\/\/pe-harta.ro\/obiectiveturistice\/wp-json\/wp\/v2\/posts\/2366","targetHints":{"allow":["GET"]}}],"collection":[{"href":"https:\/\/pe-harta.ro\/obiectiveturistice\/wp-json\/wp\/v2\/posts"}],"about":[{"href":"https:\/\/pe-harta.ro\/obiectiveturistice\/wp-json\/wp\/v2\/types\/post"}],"author":[{"embeddable":true,"href":"https:\/\/pe-harta.ro\/obiectiveturistice\/wp-json\/wp\/v2\/users\/2"}],"replies":[{"embeddable":true,"href":"https:\/\/pe-harta.ro\/obiectiveturistice\/wp-json\/wp\/v2\/comments?post=2366"}],"version-history":[{"count":0,"href":"https:\/\/pe-harta.ro\/obiectiveturistice\/wp-json\/wp\/v2\/posts\/2366\/revisions"}],"wp:featuredmedia":[{"embeddable":true,"href":"https:\/\/pe-harta.ro\/obiectiveturistice\/wp-json\/wp\/v2\/media\/2367"}],"wp:attachment":[{"href":"https:\/\/pe-harta.ro\/obiectiveturistice\/wp-json\/wp\/v2\/media?parent=2366"}],"wp:term":[{"taxonomy":"category","embeddable":true,"href":"https:\/\/pe-harta.ro\/obiectiveturistice\/wp-json\/wp\/v2\/categories?post=2366"},{"taxonomy":"post_tag","embeddable":true,"href":"https:\/\/pe-harta.ro\/obiectiveturistice\/wp-json\/wp\/v2\/tags?post=2366"}],"curies":[{"name":"wp","href":"https:\/\/api.w.org\/{rel}","templated":true}]}}