{"id":2352,"date":"2012-11-05T12:43:49","date_gmt":"2012-11-05T10:43:49","guid":{"rendered":"http:\/\/hartaromaniei.eu\/obiectiveturistice\/?p=2352"},"modified":"2012-12-05T09:11:27","modified_gmt":"2012-12-05T07:11:27","slug":"codrul-secular-slatioara","status":"publish","type":"post","link":"https:\/\/pe-harta.ro\/obiectiveturistice\/codrul-secular-slatioara","title":{"rendered":"Codrul Secular Sl\u0103tioara"},"content":{"rendered":"<p><strong><a href=\"https:\/\/pe-harta.ro\/obiectiveturistice\/wp-content\/uploads\/2012\/11\/Codrul-Secular-Sl\u0103tioara-.jpg\"><img loading=\"lazy\" decoding=\"async\" class=\"alignleft size-medium wp-image-2353\" style=\"margin: 3px 5px;\" title=\"Intrarea in rezervatia \u0094Codrii Seculari Slatioara\u0093\" src=\"https:\/\/pe-harta.ro\/obiectiveturistice\/wp-content\/uploads\/2012\/11\/Codrul-Secular-Sl\u0103tioara--300x225.jpg\" alt=\"\" width=\"300\" height=\"225\" srcset=\"https:\/\/pe-harta.ro\/obiectiveturistice\/wp-content\/uploads\/2012\/11\/Codrul-Secular-Sl\u0103tioara--300x225.jpg 300w, https:\/\/pe-harta.ro\/obiectiveturistice\/wp-content\/uploads\/2012\/11\/Codrul-Secular-Sl\u0103tioara--233x175.jpg 233w, https:\/\/pe-harta.ro\/obiectiveturistice\/wp-content\/uploads\/2012\/11\/Codrul-Secular-Sl\u0103tioara-.jpg 640w\" sizes=\"auto, (max-width: 300px) 100vw, 300px\" \/><\/a>Codrul Secular Sl\u0103tioara<\/strong> este o arie protejat\u0103 de interes na\u021bional ce corespunde categoriei a IV-a IUCN (rezerva\u021bie natural\u0103, tip forestier) situat\u0103 pe versantul sud-estic al masivului Rar\u0103u, \u00een <strong><a title=\"judetul Suceava\" href=\"https:\/\/pe-harta.ro\/suceava\/\">jude\u021bul Suceava<\/a>, <a title=\"comuna Stulpicani\" href=\"https:\/\/stulpicani-sv.pe-harta.ro\">comuna Stulpicani<\/a>, <a title=\"Bucovina\" href=\"https:\/\/pe-harta.ro\/obiectiveturistice\/?s=Bucovina\">Bucovina<\/a>, <a title=\"Romania\" href=\"https:\/\/pe-harta.ro\">Romania<\/a><\/strong>, pe teritoriul <a title=\"satul Slatioara\" href=\"https:\/\/slatioara-rasca-sv.pe-harta.ro\"><strong>satului Sl\u0103tioara<\/strong><\/a>. Codrul Secular Sl\u0103tioara se \u00eentinde pe trei creste mari: B\u00e2tca neagr\u0103, B\u00e2tca cu Plai \u0219i B\u00e2tca Lesei, separate \u00eentre ele prin v\u0103i ad\u00e2nci, unde \u00ee\u015fi str\u00e2ng apele p\u00e2raile Variuga, Valea lui Ion, d\u00e2nd na\u015ftere p\u00e2r\u00e2ului Sl\u0103tioara, care se vars\u0103 \u00een Suha \u015fi apoi \u00een Moldova. Accesul \u00een rezerva\u0163ie se face de pe \u015foseaua <a title=\"Suceava\" href=\"https:\/\/suceava-sv.pe-harta.ro\">Suceava<\/a>&#8211;<a title=\"Cluj-Napoca\" href=\"https:\/\/cluj-napoca-cj.pe-harta.ro\">Cluj-Napoca<\/a>, de la <a title=\"Frasin\" href=\"https:\/\/frasin-sv.pe-harta.ro\">Frasin<\/a> spre <a title=\"Stulpicani\" href=\"https:\/\/stulpicani-sv.pe-harta.ro\">Stulpicani<\/a>.<\/p>\n<p><em>Codrul secular Sl\u0103tioara<\/em> a fost declarat rezerva\u021bie natural\u0103 \u00een baza Deciziei 248 a Hot\u0103r\u00e2rii Consiliului de mini\u0219tri din 1941. De atunci, copacii mor \u00een picioare, se descompun \u0219i ofer\u0103 hran\u0103 pentru genera\u021biile viitoare. \u00cen <a title=\"Romania\" href=\"https:\/\/pe-harta.ro\">Rom\u00e2nia<\/a>, nu mai exist\u0103 astfel de p\u0103duri de r\u0103\u0219inoase, aceasta fiind a doua din <a title=\"Europa\" href=\"https:\/\/pe-harta.ro\/harta-lumii\/harta-europa.html\">Europa<\/a>, dup\u0103 <a title=\"Germania\" href=\"http:\/\/hartaromaniei.eu\/harta-berlin-tara-germania.html\">Germania.<\/a><\/p>\n<p>Vegeta\u0163ia lemnoas\u0103 cuprinde numeroase specii: molidul, bradul, pinul silvestru, tis\u0103, fagul, scoru\u015ful, carpenul, arinul, paltinul de munte, salcii.<\/p>\n<table border=\"0\">\n<tbody>\n<tr>\n<td>Arbu\u015ftii sunt reprezenta\u0163i de agri\u015f, cununi\u0163\u0103, zmeurul, tulichin\u0103, afinul, meri\u015forul.Flora erboas\u0103 este bogat reprezentat\u0103: omagul, floarea pa\u015ftelui, vulturic\u0103, piciorul coco\u015fului, s\u0103ri\u015foara, clopo\u0163eii, orhidee: papucul doamnei, mla\u015fti\u0163a, Listera ovata.<\/p>\n<p>Dintre mu\u015fchi, T. Stefureac citeaz\u0103 451 de unit\u0103\u0163i sistematice, dintre care 108 apar\u0163in clasei Hepaticae, 343 clasei Musci, iar dintre licheni, 94 de unit\u0103\u0163i apar\u0163in\u00e2nd mai frecvent genurilor Cladonia, Parmelia, Peltigera\u2026 Cercet\u0103rile au scos \u00een eviden\u0163\u0103 cca. 900 specii de plante, dar cifra se va mari cu siguran\u0163\u0103 \u00een urma altor studii.<\/td>\n<td><script async src=\"\/\/pagead2.googlesyndication.com\/pagead\/js\/adsbygoogle.js\"><\/script>\n\t<ins class=\"adsbygoogle\"\n\t\tstyle=\"display:inline-block;width:300px;height:250px\"\n\t\tdata-ad-client=\"ca-pub-2688604244699399\"\n\t\tdata-ad-slot=\"1470897263\"><\/ins>\n\t<script>\n\t(adsbygoogle = window.adsbygoogle || []).push({});\n\t<\/script><\/td>\n<\/tr>\n<\/tbody>\n<\/table>\n<p>Monumentele naturii \u00eent\u00e2lnite \u00een codrul secular Sl\u0103tioara sunt: tis\u0103 (Taxus bacata), vulturic\u0103 de st\u00e2nc\u0103 (Hieracium pojoratense), tulichin\u0103 (Daphne mezereum), foaie gras\u0103-alg\u0103 ro\u015fie de apa dulce (Hildekbrndtia revularis).<\/p>\n<p>Fauna este bogat reprezentat\u0103, beneficiind de condi\u0163iile de hran\u0103 \u015fi ad\u0103post din rezerva\u0163ie. Demn\u0103 de remarcat este prezen\u0163a r\u00e2sului (Lynx lynx)-monument al naturii. Dintre insecte men\u0163ion\u0103m 5 specii noi de fluturi descoperi\u0163i de Ion Neme\u015f dar \u015fi specia endemica (unic\u0103 \u00een lume) C\u0103r\u0103bu\u015f rarauense.<\/p>\n<p>Rezerva\u0163ia a suscitat interesul mai multor naturali\u015fti printre care: F. Cardei, M. Constantineanu, R. Constantineanu, I. Petcu, C. Pisic\u0103, Gh. , I. Cevanu, I. Neme\u015f.<\/p>\n<p>&nbsp;<\/p>\n[MultipleMarkerMap\u00a0id=CodrulSecularSl\u0103tioara&#8217;\u00a0z=&#8217;12&#8217;\u00a0lat=&#8217;47.4525&#8242;\u00a0lon=&#8217;25.625278&#8242;\u00a0marker=&#8217;47.4525,25.625278,<strong>Codrul Secular Sl\u0103tioara<\/strong>,https:\/\/pe-harta.ro\/images\/icons\/star-3.png&#8217;\u00a0w=&#8217;630&#8242; h=&#8217;400&#8242;]\n\n<div class='gallery'><dl class='gallery-item'>\n\t\t\t<dt class='gallery-icon landscape'>\n\t\t\t\t<a href='https:\/\/pe-harta.ro\/obiectiveturistice\/wp-content\/uploads\/2012\/11\/Codrul-Secular-Sl\u0103tioara3.jpg'><img loading=\"lazy\" decoding=\"async\" width=\"150\" height=\"150\" src=\"https:\/\/pe-harta.ro\/obiectiveturistice\/wp-content\/uploads\/2012\/11\/Codrul-Secular-Sl\u0103tioara3-150x150.jpg\" class=\"attachment-thumbnail size-thumbnail\" alt=\"\" \/><\/a>\n\t\t\t<\/dt><\/dl><dl class='gallery-item'>\n\t\t\t<dt class='gallery-icon landscape'>\n\t\t\t\t<a href='https:\/\/pe-harta.ro\/obiectiveturistice\/wp-content\/uploads\/2012\/11\/Codrul-Secular-Sl\u0103tioara2.jpg'><img loading=\"lazy\" decoding=\"async\" width=\"150\" height=\"150\" src=\"https:\/\/pe-harta.ro\/obiectiveturistice\/wp-content\/uploads\/2012\/11\/Codrul-Secular-Sl\u0103tioara2-150x150.jpg\" class=\"attachment-thumbnail size-thumbnail\" alt=\"\" srcset=\"https:\/\/pe-harta.ro\/obiectiveturistice\/wp-content\/uploads\/2012\/11\/Codrul-Secular-Sl\u0103tioara2-150x150.jpg 150w, https:\/\/pe-harta.ro\/obiectiveturistice\/wp-content\/uploads\/2012\/11\/Codrul-Secular-Sl\u0103tioara2-300x298.jpg 300w, https:\/\/pe-harta.ro\/obiectiveturistice\/wp-content\/uploads\/2012\/11\/Codrul-Secular-Sl\u0103tioara2-175x175.jpg 175w, https:\/\/pe-harta.ro\/obiectiveturistice\/wp-content\/uploads\/2012\/11\/Codrul-Secular-Sl\u0103tioara2.jpg 450w\" sizes=\"auto, (max-width: 150px) 100vw, 150px\" \/><\/a>\n\t\t\t<\/dt><\/dl><dl class='gallery-item'>\n\t\t\t<dt class='gallery-icon landscape'>\n\t\t\t\t<a href='https:\/\/pe-harta.ro\/obiectiveturistice\/wp-content\/uploads\/2012\/11\/Codrul-Secular-Sl\u0103tioara1.jpg'><img loading=\"lazy\" decoding=\"async\" width=\"150\" height=\"150\" src=\"https:\/\/pe-harta.ro\/obiectiveturistice\/wp-content\/uploads\/2012\/11\/Codrul-Secular-Sl\u0103tioara1-150x150.jpg\" class=\"attachment-thumbnail size-thumbnail\" alt=\"\" \/><\/a>\n\t\t\t<\/dt><\/dl><br style=\"clear: both\" \/><dl class='gallery-item'>\n\t\t\t<dt class='gallery-icon landscape'>\n\t\t\t\t<a href='https:\/\/pe-harta.ro\/obiectiveturistice\/wp-content\/uploads\/2012\/11\/Codrul-Secular-Sl\u0103tioara.jpg'><img loading=\"lazy\" decoding=\"async\" width=\"150\" height=\"150\" src=\"https:\/\/pe-harta.ro\/obiectiveturistice\/wp-content\/uploads\/2012\/11\/Codrul-Secular-Sl\u0103tioara-150x150.jpg\" class=\"attachment-thumbnail size-thumbnail\" alt=\"\" \/><\/a>\n\t\t\t<\/dt><\/dl><dl class='gallery-item'>\n\t\t\t<dt class='gallery-icon landscape'>\n\t\t\t\t<a href='https:\/\/pe-harta.ro\/obiectiveturistice\/wp-content\/uploads\/2012\/11\/Codrul-Secular-Sl\u0103tioara-.jpg'><img loading=\"lazy\" decoding=\"async\" width=\"150\" height=\"150\" src=\"https:\/\/pe-harta.ro\/obiectiveturistice\/wp-content\/uploads\/2012\/11\/Codrul-Secular-Sl\u0103tioara--150x150.jpg\" class=\"attachment-thumbnail size-thumbnail\" alt=\"\" \/><\/a>\n\t\t\t<\/dt><\/dl>\n\t\t\t<br style='clear: both' \/>\n\t\t<\/div>\n\n<p>&nbsp;<\/p>\n","protected":false},"excerpt":{"rendered":"<p>Codrul Secular Sl\u0103tioara este o arie protejat\u0103 de interes na\u021bional ce corespunde categoriei a IV-a IUCN (rezerva\u021bie natural\u0103, tip forestier) situat\u0103 pe versantul sud-estic al masivului Rar\u0103u, \u00een jude\u021bul Suceava, comuna Stulpicani, Bucovina, Romania, pe teritoriul satului Sl\u0103tioara. Codrul Secular Sl\u0103tioara se \u00eentinde pe trei creste mari: B\u00e2tca neagr\u0103, B\u00e2tca cu Plai \u0219i B\u00e2tca Lesei, [&hellip;]<\/p>\n","protected":false},"author":2,"featured_media":2353,"comment_status":"open","ping_status":"open","sticky":false,"template":"","format":"standard","meta":{"_acf_changed":false,"footnotes":""},"categories":[157,305,270,1172,271,3,174,1738],"tags":[2322,2323,2321,63,2339,2332,2330,2331,34,2129,2318,2328,807,2335,2327,791,2340,2341,2338,2146,2053,2336,2133,1582,2333,2334,2337,29,2319,2137,2320,2079,2326,2329,2325,2324],"class_list":["post-2352","post","type-post","status-publish","format-standard","has-post-thumbnail","hentry","category-bucovina-romania","category-obiective-turistice-romania","category-paduri","category-rauri","category-rezervatii-naturale","category-trasee","category-vai","category-varfuri-muntoase","tag-batca-cu-plai","tag-batca-lesei","tag-batca-neagra","tag-bucovina","tag-c-pisica-gh","tag-cladonia","tag-clasa-hepaticae","tag-clasa-musci","tag-cluj-napoca","tag-codrul-secular-slatioara","tag-comuna-stulpicani","tag-consiliul-de-ministri","tag-europa","tag-f-cardei","tag-frasin","tag-germania","tag-i-cevanu","tag-i-nemes","tag-i-petcu","tag-ion-nemes","tag-judetul-suceava","tag-m-constantineanu","tag-masivul-rarau","tag-moldova-2","tag-parmelia","tag-peltigera","tag-r-constantineanu","tag-romania","tag-satul-slatioara","tag-slatioara","tag-stulpicani","tag-suceava","tag-suha","tag-t-stefureac","tag-valea-lui-ion","tag-variuga"],"acf":[],"_links":{"self":[{"href":"https:\/\/pe-harta.ro\/obiectiveturistice\/wp-json\/wp\/v2\/posts\/2352","targetHints":{"allow":["GET"]}}],"collection":[{"href":"https:\/\/pe-harta.ro\/obiectiveturistice\/wp-json\/wp\/v2\/posts"}],"about":[{"href":"https:\/\/pe-harta.ro\/obiectiveturistice\/wp-json\/wp\/v2\/types\/post"}],"author":[{"embeddable":true,"href":"https:\/\/pe-harta.ro\/obiectiveturistice\/wp-json\/wp\/v2\/users\/2"}],"replies":[{"embeddable":true,"href":"https:\/\/pe-harta.ro\/obiectiveturistice\/wp-json\/wp\/v2\/comments?post=2352"}],"version-history":[{"count":0,"href":"https:\/\/pe-harta.ro\/obiectiveturistice\/wp-json\/wp\/v2\/posts\/2352\/revisions"}],"wp:featuredmedia":[{"embeddable":true,"href":"https:\/\/pe-harta.ro\/obiectiveturistice\/wp-json\/wp\/v2\/media\/2353"}],"wp:attachment":[{"href":"https:\/\/pe-harta.ro\/obiectiveturistice\/wp-json\/wp\/v2\/media?parent=2352"}],"wp:term":[{"taxonomy":"category","embeddable":true,"href":"https:\/\/pe-harta.ro\/obiectiveturistice\/wp-json\/wp\/v2\/categories?post=2352"},{"taxonomy":"post_tag","embeddable":true,"href":"https:\/\/pe-harta.ro\/obiectiveturistice\/wp-json\/wp\/v2\/tags?post=2352"}],"curies":[{"name":"wp","href":"https:\/\/api.w.org\/{rel}","templated":true}]}}