{"id":1145,"date":"2012-09-06T12:11:56","date_gmt":"2012-09-06T09:11:56","guid":{"rendered":"http:\/\/hartaromaniei.eu\/obiectiveturistice\/?p=1145"},"modified":"2020-07-23T12:27:26","modified_gmt":"2020-07-23T09:27:26","slug":"macea","status":"publish","type":"post","link":"https:\/\/pe-harta.ro\/obiectiveturistice\/macea","title":{"rendered":"Castelul Macea- Arad"},"content":{"rendered":"<p><strong><a href=\"https:\/\/pe-harta.ro\/obiectiveturistice\/wp-content\/uploads\/2012\/09\/Castelul-de-la-Macea-Arad.jpg\"><img loading=\"lazy\" decoding=\"async\" class=\"alignleft size-medium wp-image-1147\" style=\"margin: 3px 5px;\" title=\"Castelul de la Macea- Arad\" src=\"https:\/\/pe-harta.ro\/obiectiveturistice\/wp-content\/uploads\/2012\/09\/Castelul-de-la-Macea-Arad-300x225.jpg\" alt=\"\" width=\"300\" height=\"225\" srcset=\"https:\/\/pe-harta.ro\/obiectiveturistice\/wp-content\/uploads\/2012\/09\/Castelul-de-la-Macea-Arad-300x225.jpg 300w, https:\/\/pe-harta.ro\/obiectiveturistice\/wp-content\/uploads\/2012\/09\/Castelul-de-la-Macea-Arad-1024x768.jpg 1024w, https:\/\/pe-harta.ro\/obiectiveturistice\/wp-content\/uploads\/2012\/09\/Castelul-de-la-Macea-Arad-233x175.jpg 233w, https:\/\/pe-harta.ro\/obiectiveturistice\/wp-content\/uploads\/2012\/09\/Castelul-de-la-Macea-Arad.jpg 2048w\" sizes=\"auto, (max-width: 300px) 100vw, 300px\" \/><\/a>Castelul de la Macea<\/strong><\/p>\n<p><strong><a title=\"Macea\" href=\"https:\/\/macea-ar.pe-harta.ro\">Macea<\/a><\/strong> este situat\u0103 la 23 kilometri de <strong><a title=\"municipiul Arad\" href=\"https:\/\/arad-ar.pe-harta.ro\">municipiul Arad<\/a>, regiunile <a title=\"Crisana\" href=\"https:\/\/pe-harta.ro\/obiectiveturistice\/?s=Crisana\">Crisana<\/a> si <a title=\"Banat\" href=\"https:\/\/pe-harta.ro\/obiectiveturistice\/?s=Banat\">Banat<\/a>, <a title=\"Romania\" href=\"https:\/\/pe-harta.ro\">Romania<\/a>,<\/strong>\u00a0\u015fi are ca principal\u0103 atrac\u0163ie castelul \u015fi parcul dendrologic.<\/p>\n<p><strong><a title=\"castelul de la Macea\" href=\"https:\/\/macea-ar.pe-harta.ro\">Castelul de la Macea<\/a><\/strong> a fost construit \u00een doua etape, acum, la mai bine de o sut\u0103 de ani de la finalizare, av\u00e2nd forma literei L. Proprietatea pe care se \u00eenal\u0163\u0103 acum castelul a apar\u0163inut de-a lungul timpului mai multor familii de nobili austrieci, muntenegreni \u015fi maghiari.<\/p>\n<p>Prima parte, p\u00e2na la turnul cel mare, decorat\u0103 pe frontispiciu cu stema familiei muntenegrene Cernovici, sculptat\u0103 \u00een piatr\u0103, a fost ridicat\u0103 \u00een jurul anului 1820 de c\u0103tre Pavel Cernovici.<\/p>\n<p>Aripa dreapt\u0103, dincolo de turn, s-a ridicat \u00eentre 1862 \u015fi 1886. Atunci fost construite \u015fi cl\u0103dirile anexe, de c\u0103tre noul proprietar al domeniului, contele Karolyi.<\/p>\n<p><strong>Gr\u0103dina Macea<\/strong><\/p>\n<p>Situat\u0103 \u00een vatra comunei Macea, av\u00e2nd o latur\u0103 spre exterior, <a title=\"Gradina Botanica a Universitatii de Vest Vasile Goldis din Arad\" href=\"https:\/\/arad-ar.pe-harta.ro\">Gr\u0103dina Botanic\u0103 a Universit\u0103\u0163ii de Vest &#8222;Vasile Goldi\u015f&#8221; din Arad<\/a> se \u00eentinde pe o suprafat\u0103 de 21,5 ha \u015fi se constituie ca o important\u0103 baza didactic\u0103 \u015fi de cercetare pentru studen\u0163ii \u015fi corpul didactic de la facult\u0103\u0163ile de profil ale Universit\u0103\u0163ii.<\/p>\n<table border=\"0\">\n<tbody>\n<tr>\n<td>\n<p>Desi e amenajat\u0103 ca un tot unitar, Gr\u0103dina prezint\u0103 trei p\u0103r\u0163i distincte. Prima parte are o suprafat\u0103 de cca.10 ha, \u00een care se g\u0103sesc diverse amenaj\u0103ri destinate publicului larg. Cea de-a doua ocup\u0103 3,5 ha \u015fi cuprinde Colectia dendrologica, de o mare valoare stiintific\u0103, destinat\u0103 specialistilor \u00een domeniu. Accesul publicului larg \u00een acest sector se face numai \u00een grupuri, sub \u00eendrumarea unui ghid. Ultima parte, ocup\u0103 o suprafat\u0103 de cca. 8 ha, \u015fi cuprinde por\u0163iuni cu vegeta\u0163ie forestier\u0103, speciile lemnoase predominante fiind: stejarul, salc\u00e2mul, ar\u0163arul, stejarul ro\u015fu, s\u00e2mbovina american\u0103 \u015fi altele.<\/p>\n<p>\u00cenc\u0103 de la intrare vizitatorul este fascinat de m\u0103re\u0163ia unui stejar cu v\u00e2rsta de cca. 300 de ani, declarat &#8222;Stejarul Unirii&#8221; \u00een luna iunie 2003.<\/td>\n<td><script async src=\"\/\/pagead2.googlesyndication.com\/pagead\/js\/adsbygoogle.js\"><\/script>\n\t<ins class=\"adsbygoogle\"\n\t\tstyle=\"display:inline-block;width:300px;height:250px\"\n\t\tdata-ad-client=\"ca-pub-2688604244699399\"\n\t\tdata-ad-slot=\"1470897263\"><\/ins>\n\t<script>\n\t(adsbygoogle = window.adsbygoogle || []).push({});\n\t<\/script><\/td>\n<\/tr>\n<\/tbody>\n<\/table>\n<p>\u00cen partea dreapt\u0103 se afla Alpinariul, amenajat \u00eencep\u00e2nd din prim\u0103vara anului 1986. Sunt cultivate aici plante specifice zonei montane \u015fi alpine. Dintre rarit\u0103\u0163ile \u00eent\u00e2lnite amintim: floarea de col\u0163, garofi\u0163a Pietrei Craiului. \u00cen apropiere se afl\u0103 un exemplar de arbore de m\u0103tase, originar din Asia de sud-vest, care \u00eenfloreste toat\u0103 vara \u015fi \u00eenc\u00e2nta prin frumusetea \u015fi bog\u0103\u0163ia florilor sale roz. \u00cenrudit cu el este salc\u00e2mul ro\u015fu, un arbust aflat l\u00e2ng\u0103 aleea principal\u0103, care atrage aten\u0163ia atunci c\u00e2nd este \u00eenflorit.<\/p>\n<p>Aleea principal\u0103 a Gr\u0103dinii este m\u0103rginit\u0103 de garduri vii de cimisir, exemplare de cire\u015f japonez cu ramuri pendente \u015fi cu flori roz care se deschid \u00een luna mai. Din loc \u00een loc aleea este \u00eentrerupt\u0103 de ronduri cu flori. \u00cen partea st\u00e2ng\u0103 se afla doua exemplare de cedru algerian iar \u00een fata lor o colec\u0163ie care grupeaz\u0103 specii \u015fi soiuri de st\u00e2njenei.<\/p>\n<p>\u00cen fa\u0163a castelului se afl\u0103 expus bustul lui Vasile Goldi\u015f, mentorul spiritual al Universit\u0103\u0163ii de Vest &#8222;Vasile Goldi\u015f&#8221; din Arad. De asemenea \u00een Gr\u0103dina se afl\u0103 \u015fi statuia lui Mihai Eminescu, o lucrare turnat\u0103, de mari propor\u0163ii, realizat\u0103 de Pavel Mercea, sculptor originar din Macea. De acelasi autor sunt realizate \u015fi cele 6 busturi ale poe\u0163ilor ardeleni, busturi care \u00eencadreaz\u0103 statuia marelui poet, precum \u015fi monumentul <em>Gelu, Glad \u015fi Menumorut<\/em> amplasat \u00een scuarul din fa\u0163a Gr\u0103dinii Botanice.<\/p>\n[MultipleMarkerMap\u00a0id=Macea&#8217; z=&#8217;12&#8217;\u00a0lat=&#8217;\u00a046.38&#8242;\u00a0lon=&#8217;21.33&#8242;\u00a0marker=&#8217;\u00a046.38,21.33,<strong>Macea<\/strong>,https:\/\/pe-harta.ro\/images\/icons\/star-3.png&#8217;\u00a0w=&#8217;630&#8242; h=&#8217;400&#8242;]\n\n<div class='gallery'><dl class='gallery-item'>\n\t\t\t<dt class='gallery-icon landscape'>\n\t\t\t\t<a href='https:\/\/pe-harta.ro\/obiectiveturistice\/wp-content\/uploads\/2012\/09\/Castelul-de-la-Macea-.jpg'><img loading=\"lazy\" decoding=\"async\" width=\"150\" height=\"150\" src=\"https:\/\/pe-harta.ro\/obiectiveturistice\/wp-content\/uploads\/2012\/09\/Castelul-de-la-Macea--150x150.jpg\" class=\"attachment-thumbnail size-thumbnail\" alt=\"\" \/><\/a>\n\t\t\t<\/dt><\/dl><dl class='gallery-item'>\n\t\t\t<dt class='gallery-icon landscape'>\n\t\t\t\t<a href='https:\/\/pe-harta.ro\/obiectiveturistice\/wp-content\/uploads\/2012\/09\/Castelul-de-la-Macea-Arad.jpg'><img loading=\"lazy\" decoding=\"async\" width=\"150\" height=\"150\" src=\"https:\/\/pe-harta.ro\/obiectiveturistice\/wp-content\/uploads\/2012\/09\/Castelul-de-la-Macea-Arad-150x150.jpg\" class=\"attachment-thumbnail size-thumbnail\" alt=\"\" \/><\/a>\n\t\t\t<\/dt><\/dl><dl class='gallery-item'>\n\t\t\t<dt class='gallery-icon landscape'>\n\t\t\t\t<a href='https:\/\/pe-harta.ro\/obiectiveturistice\/wp-content\/uploads\/2012\/09\/castelul_macea.jpg'><img loading=\"lazy\" decoding=\"async\" width=\"150\" height=\"150\" src=\"https:\/\/pe-harta.ro\/obiectiveturistice\/wp-content\/uploads\/2012\/09\/castelul_macea-150x150.jpg\" class=\"attachment-thumbnail size-thumbnail\" alt=\"\" \/><\/a>\n\t\t\t<\/dt><\/dl><br style=\"clear: both\" \/><dl class='gallery-item'>\n\t\t\t<dt class='gallery-icon landscape'>\n\t\t\t\t<a href='https:\/\/pe-harta.ro\/obiectiveturistice\/wp-content\/uploads\/2012\/09\/Macea-.jpg'><img loading=\"lazy\" decoding=\"async\" width=\"150\" height=\"150\" src=\"https:\/\/pe-harta.ro\/obiectiveturistice\/wp-content\/uploads\/2012\/09\/Macea--150x150.jpg\" class=\"attachment-thumbnail size-thumbnail\" alt=\"\" \/><\/a>\n\t\t\t<\/dt><\/dl><dl class='gallery-item'>\n\t\t\t<dt class='gallery-icon landscape'>\n\t\t\t\t<a href='https:\/\/pe-harta.ro\/obiectiveturistice\/wp-content\/uploads\/2012\/09\/Macea.jpg'><img loading=\"lazy\" decoding=\"async\" width=\"150\" height=\"150\" src=\"https:\/\/pe-harta.ro\/obiectiveturistice\/wp-content\/uploads\/2012\/09\/Macea-150x150.jpg\" class=\"attachment-thumbnail size-thumbnail\" alt=\"\" \/><\/a>\n\t\t\t<\/dt><\/dl>\n\t\t\t<br style='clear: both' \/>\n\t\t<\/div>\n\n","protected":false},"excerpt":{"rendered":"<p>Castelul de la Macea Macea este situat\u0103 la 23 kilometri de municipiul Arad, regiunile Crisana si Banat, Romania,\u00a0\u015fi are ca principal\u0103 atrac\u0163ie castelul \u015fi parcul dendrologic. Castelul de la Macea a fost construit \u00een doua etape, acum, la mai bine de o sut\u0103 de ani de la finalizare, av\u00e2nd forma literei L. Proprietatea pe care [&hellip;]<\/p>\n","protected":false},"author":2,"featured_media":3658,"comment_status":"open","ping_status":"open","sticky":false,"template":"","format":"standard","meta":{"_acf_changed":false,"footnotes":""},"categories":[16,73,160,129,228,305,167,17],"tags":[694,687,693,692,690,698,689,688,686,697,21,691,696,695],"class_list":["post-1145","post","type-post","status-publish","format-standard","has-post-thumbnail","hentry","category-banat","category-castele","category-crisana","category-gradini","category-localitati","category-obiective-turistice-romania","category-statui","category-transilvania","tag-bustul-lui-vasile-goldis","tag-castelul-de-la-macea","tag-comuna-macea","tag-contele-karolyi","tag-familia-cernovici","tag-glad-si-menumorut","tag-gradina-botanica-a-universitatii-de-vest-vasile-goldis-din-arad","tag-gradina-macea","tag-macea","tag-monumentul-gelu","tag-municipiul-arad","tag-pavel-cernovici","tag-pavel-mercea","tag-statuia-lui-mihai-eminescu"],"acf":[],"_links":{"self":[{"href":"https:\/\/pe-harta.ro\/obiectiveturistice\/wp-json\/wp\/v2\/posts\/1145","targetHints":{"allow":["GET"]}}],"collection":[{"href":"https:\/\/pe-harta.ro\/obiectiveturistice\/wp-json\/wp\/v2\/posts"}],"about":[{"href":"https:\/\/pe-harta.ro\/obiectiveturistice\/wp-json\/wp\/v2\/types\/post"}],"author":[{"embeddable":true,"href":"https:\/\/pe-harta.ro\/obiectiveturistice\/wp-json\/wp\/v2\/users\/2"}],"replies":[{"embeddable":true,"href":"https:\/\/pe-harta.ro\/obiectiveturistice\/wp-json\/wp\/v2\/comments?post=1145"}],"version-history":[{"count":0,"href":"https:\/\/pe-harta.ro\/obiectiveturistice\/wp-json\/wp\/v2\/posts\/1145\/revisions"}],"wp:featuredmedia":[{"embeddable":true,"href":"https:\/\/pe-harta.ro\/obiectiveturistice\/wp-json\/wp\/v2\/media\/3658"}],"wp:attachment":[{"href":"https:\/\/pe-harta.ro\/obiectiveturistice\/wp-json\/wp\/v2\/media?parent=1145"}],"wp:term":[{"taxonomy":"category","embeddable":true,"href":"https:\/\/pe-harta.ro\/obiectiveturistice\/wp-json\/wp\/v2\/categories?post=1145"},{"taxonomy":"post_tag","embeddable":true,"href":"https:\/\/pe-harta.ro\/obiectiveturistice\/wp-json\/wp\/v2\/tags?post=1145"}],"curies":[{"name":"wp","href":"https:\/\/api.w.org\/{rel}","templated":true}]}}